{"id":39294,"date":"2026-08-31T17:19:28","date_gmt":"2026-08-31T20:19:28","guid":{"rendered":"https:\/\/www.yogh.com.br\/blog\/?p=39294"},"modified":"2026-08-31T17:19:39","modified_gmt":"2026-08-31T20:19:39","slug":"atualizacao-do-wordpress-agosto","status":"publish","type":"post","link":"https:\/\/www.yogh.com.br\/blog\/atualizacao-do-wordpress-agosto\/","title":{"rendered":"M\u00eas agitado: De quebras com o WP Rocket ao WordCamp Brasil 2026"},"content":{"rendered":"\n<p class=\"wp-block-paragraph\">Agosto foi um m\u00eas bem agitado (e tenso!) para quem trabalha com WordPress. Se voc\u00ea cria sites, tem uma loja virtual ou trabalha em uma ag\u00eancia, com certeza acompanhou a montanha-russa que foram as \u00faltimas semanas, marcada por uma importante <strong>atualiza\u00e7\u00e3o do WordPress<\/strong>.<\/p>\n\n\n\n<p class=\"wp-block-paragraph\">Como eu sei que a rotina \u00e9 corrida, preparei um resum\u00e3o direto ao ponto sobre o que mais bombou nesse \u00faltimo m\u00eas no nosso ecossistema, al\u00e9m de alguns materiais que n\u00f3s da Yogh criamos pra ajudar voc\u00eas a lidarem com os perrengues do dia a dia. D\u00e1 uma olhada no que esteve em alta:<\/p>\n\n\n\n<h2 class=\"wp-block-heading\"><span class=\"ez-toc-section\" id=\"%F0%9F%92%A5_A_ultima_atualizacao_do_WordPress_Incompatibilidades_e_os_Temidos_%E2%80%9CErros_Criticos%E2%80%9D\"><\/span>\ud83d\udca5 A \u00faltima atualiza\u00e7\u00e3o do WordPress, Incompatibilidades e os Temidos &#8220;Erros Cr\u00edticos&#8221;<span class=\"ez-toc-section-end\"><\/span><\/h2>\n\n\n\n<p class=\"wp-block-paragraph\">A seguran\u00e7a e a estabilidade foram os assuntos mais pesquisados. Tivemos patches importantes e muita gente j\u00e1 se preparando para os impactos de acessibilidade da vers\u00e3o 7.1. O grande problema? Atualiza\u00e7\u00f5es grandes quase sempre esbarram em incompatibilidades de plugins.<\/p>\n\n\n\n<p class=\"wp-block-paragraph\">Um dos casos que mais comentamos por aqui foi o conflito da nova vers\u00e3o com o WP Rocket. Estamos falando de um dos plugins de otimiza\u00e7\u00e3o mais populares do mercado, que conta com mais de 5,6 milh\u00f5es de instala\u00e7\u00f5es no mundo todo, segundo o pr\u00f3prio site oficial. Se o seu site, do nada, ficou fora do ar depois de uma atualiza\u00e7\u00e3o, recomendo dar uma lida neste texto onde explico certinho como resolver esse BO: \ud83d\udc49 <strong><a href=\"https:\/\/www.yogh.com.br\/blog\/alerta-de-erro-critico-incompatibilidade-entre-o-wordpress-7-1-e-o-wp-rocket-e-como-corrigir\/\" target=\"_blank\" rel=\"noopener\">Alerta de Erro Cr\u00edtico: Incompatibilidade entre o WordPress 7.1 e o WP Rocket e como corrigir<\/a><\/strong><\/p>\n\n\n\n<p class=\"wp-block-paragraph\">Lembrando que a equipe do plugin agiu r\u00e1pido e lan\u00e7ou a vers\u00e3o 3.23.2.2 para corrigir a falha (conforme consta no <a href=\"https:\/\/wp-rocket.me\/changelog\/\" data-type=\"link\" data-id=\"https:\/\/wp-rocket.me\/changelog\/\" target=\"_blank\" rel=\"noopener\">changelog oficial do WP Rocket<\/a>).<\/p>\n\n\n\n<p class=\"wp-block-paragraph\">E aproveitando o gancho: se voc\u00ea j\u00e1 suou frio ao tentar acessar o seu site e dar de cara com a famosa &#8216;tela branca da morte&#8217;, ou com aquela tela cinza assustadora exibindo a mensagem de <strong>&#8216;H\u00e1 um erro cr\u00edtico no seu site&#8217;<\/strong>, voc\u00ea n\u00e3o est\u00e1 sozinho. Isso geralmente acontece quando um conflito de c\u00f3digo ou plugin derruba o sistema. Para te ajudar a n\u00e3o entrar em desespero, separei dois v\u00eddeos l\u00e1 do canal onde mostramos na pr\u00e1tica o passo a passo para debugar e consertar esses problemas que mais assombram os donos de site:<\/p>\n\n\n\n<ul class=\"wp-block-list\">\n<li>\ud83d\udcf9 <strong><a href=\"https:\/\/www.youtube.com\/watch?v=Lqxwyz-obyc\" target=\"_blank\" rel=\"noopener\">Erro Cr\u00edtico no WordPress: conhe\u00e7a as causas mais comuns e como resolver<\/a><\/strong><\/li>\n\n\n\n<li>\ud83d\udcf9 <strong><a href=\"https:\/\/www.youtube.com\/watch?v=fgI3pj2AiK8\" target=\"_blank\" rel=\"noopener\">Erro 500 no WordPress: o que \u00e9, principais causas e como resolver<\/a><\/strong><\/li>\n<\/ul>\n\n\n\n<h2 class=\"wp-block-heading\"><span class=\"ez-toc-section\" id=\"%F0%9F%9B%92_E-commerce_e_Estrategias_de_Venda_Muito_alem_do_codigo\"><\/span>\ud83d\uded2 E-commerce e Estrat\u00e9gias de Venda (Muito al\u00e9m do c\u00f3digo)<span class=\"ez-toc-section-end\"><\/span><\/h2>\n\n\n\n<p class=\"wp-block-paragraph\">Fora da parte t\u00e9cnica, o mercado corporativo e o e-commerce ferveram. O comportamento do consumidor est\u00e1 mudando r\u00e1pido, e quem tem WooCommerce precisa entender como transformar aten\u00e7\u00e3o nas redes sociais em pico de acesso e vendas na loja.<\/p>\n\n\n\n<p class=\"wp-block-paragraph\">Para ilustrar o poder de uma estrat\u00e9gia fora da curva, fizemos uma an\u00e1lise sobre um case de marketing fant\u00e1stico. Vale muito a pena entender como transformar hype em convers\u00e3o:<\/p>\n\n\n\n<ul class=\"wp-block-list\">\n<li>\ud83d\udcf9 <strong><a href=\"https:\/\/www.youtube.com\/watch?v=hbkm5aC6npU\" target=\"_blank\" rel=\"noopener\">Como a Cimed transformou o Carmed em um fen\u00f4meno de vendas<\/a><\/strong><\/li>\n<\/ul>\n\n\n\n<h2 class=\"wp-block-heading\"><span class=\"ez-toc-section\" id=\"%F0%9F%A4%96_Ferramentas_Inteligencia_Artificial_e_Nossas_Escolhas\"><\/span>\ud83e\udd16 Ferramentas, Intelig\u00eancia Artificial e Nossas Escolhas<span class=\"ez-toc-section-end\"><\/span><\/h2>\n\n\n\n<p class=\"wp-block-paragraph\">A IA continua ditando as regras nas tend\u00eancias de novos plugins. Mas, no fim do dia, a performance do seu projeto depende 100% das ferramentas e arquiteturas que voc\u00ea escolhe colocar l\u00e1 dentro, seja um recurso de intelig\u00eancia artificial, de seguran\u00e7a ou at\u00e9 mesmo a sua ferramenta de envio de emails.<\/p>\n\n\n\n<p class=\"wp-block-paragraph\">Falando nisso, soltamos uma edi\u00e7\u00e3o da nossa newsletter que bate exatamente nessa tecla. \u00c9 uma reflex\u00e3o super importante pra gente n\u00e3o dar um tiro no p\u00e9 nas decis\u00f5es t\u00e9cnicas do site:<\/p>\n\n\n\n<ul class=\"wp-block-list\">\n<li>\ud83d\udc49 <strong><a href=\"https:\/\/www.yogh.com.br\/blog\/mailpoet-email\/d18394fab438-voce-e-vitima-das-proprias-escolhas-%f0%9f%91%80%f0%9f%94%a5-yoghnews\/\" target=\"_blank\" rel=\"noopener\">Voc\u00ea \u00e9 v\u00edtima das pr\u00f3prias escolhas? \ud83d\udc40\ud83d\udd25 (YoghNews)<\/a><\/strong><\/li>\n<\/ul>\n\n\n\n<h2 class=\"wp-block-heading\"><span class=\"ez-toc-section\" id=\"%F0%9F%8E%A8_Vem_AI_MCP_no_Elementor_mais_praticidade_e_tecnologia_nas_suas_criacoes\"><\/span>\ud83c\udfa8 Vem A\u00cd! MCP no Elementor: mais praticidade e tecnologia nas suas cria\u00e7\u00f5es<span class=\"ez-toc-section-end\"><\/span><\/h2>\n\n\n\n<p class=\"wp-block-paragraph\">E se voc\u00ea acha que a IA j\u00e1 est\u00e1 ajudando bastante na hora de criar sites, <strong>espere s\u00f3 para ver o que vem por a\u00ed! \ud83d\udc40<\/strong><\/p>\n\n\n\n<p class=\"wp-block-paragraph\">Durante um webinar, o Elementor apresentou uma primeira pr\u00e9via do seu <strong>MCP (Model Context Protocol)<\/strong>, que em breve poder\u00e1 conectar o editor a ferramentas de IA como <strong>Claude, Codex, Cursor<\/strong> e outras.<\/p>\n\n\n\n<p class=\"wp-block-paragraph\">Na pr\u00e1tica, essas ferramentas poder\u00e3o <strong>entender a estrutura e o contexto do seu site e at\u00e9 agir diretamente nele<\/strong>, criando e utilizando estruturas nativas do Elementor. O objetivo dessa novidade? Permitir que voc\u00ea gaste menos tempo pulando de uma ferramenta para outra e mais possibilidades para transformar uma ideia em p\u00e1gina. <\/p>\n\n\n\n<p class=\"wp-block-paragraph\">Durante o evento, a equipe j\u00e1 mostrou alguns projetos constru\u00eddos com o MCP e at\u00e9 fez uma demonstra\u00e7\u00e3o ao vivo usando o Claude Code. <strong>Agora \u00e9 ficar de olho \ud83d\udc40 porque vem mais novidade por a\u00ed!<\/strong><\/p>\n\n\n\n<ul class=\"wp-block-list\">\n<li>\ud83d\udc49<a href=\"https:\/\/elementor.com\/blog\/cinematic-scroll-mcp-webinar\/\" target=\"_blank\" rel=\"noopener\">Veja tudo o que rolou durante no Webinar com revela\u00e7\u00f5es feitas pela equipe do Elementor<\/a>.<\/li>\n\n\n\n<li>\ud83d\udc49 <a href=\"https:\/\/www.yogh.com.br\/blog\/yogh-news\/\">Inscreva-se agora mesmo na Yogh News para ficar sempre bem informado<\/a>.<\/li>\n<\/ul>\n\n\n\n<h2 class=\"wp-block-heading\"><span class=\"ez-toc-section\" id=\"%F0%9F%94%8E_Mais_um_update_Google_deixa_as_AI_Overviews_mais_interativas\"><\/span>\ud83d\udd0e Mais um update: Google deixa as AI Overviews mais interativas<span class=\"ez-toc-section-end\"><\/span><\/h2>\n\n\n\n<p class=\"wp-block-paragraph\">J\u00e1 pensou pesquisar alguma coisa no Google e, em vez de receber s\u00f3 uma resposta, <strong>poder interagir com ela?<\/strong><\/p>\n\n\n\n<p class=\"wp-block-paragraph\">\u00c9 isso que a <strong>UI generativa<\/strong> promete: as AI Overviews poder\u00e3o criar calculadoras, gr\u00e1ficos, simuladores, infogr\u00e1ficos e outros recursos diretamente nos resultados da busca.<\/p>\n\n\n\n<p class=\"wp-block-paragraph\">A novidade ainda est\u00e1 chegando aos poucos e <strong>o Brasil ficou de fora por enquanto<\/strong>. Mas uma coisa j\u00e1 d\u00e1 para prever: <strong>o jeito de buscar e de fazer SEO est\u00e1 mudando mais uma vez.<\/strong> <\/p>\n\n\n\n<p class=\"wp-block-paragraph\">Ansioso para os impactos dessa novidade? <a href=\"https:\/\/www.seohappyhour.com\/noticias\/ui-generativa-ai-overviews\/\" target=\"_blank\" rel=\"noopener\">Confira todas as novidades em detalhes e prepare-se para as mudan\u00e7as<\/a>.<\/p>\n\n\n\n<h2 class=\"wp-block-heading\"><span class=\"ez-toc-section\" id=\"%F0%9F%8F%95%EF%B8%8F_Saindo_das_telas_WordCamp_Brasil_2026_vem_ai\"><\/span>\ud83c\udfd5\ufe0f Saindo das telas: WordCamp Brasil 2026 vem a\u00ed!<span class=\"ez-toc-section-end\"><\/span><\/h2>\n\n\n\n<p class=\"wp-block-paragraph\">Para fechar o m\u00eas com chave de ouro, a comunidade j\u00e1 est\u00e1 em contagem regressiva para o maior evento de WordPress do pa\u00eds! O <strong>WordCamp Brasil 2026<\/strong> vai rolar nos dias <strong>30 e 31 de outubro, em Belo Horizonte (MG)<\/strong>.<\/p>\n\n\n\n<figure class=\"wp-block-image size-large\"><img decoding=\"async\" width=\"1024\" height=\"577\" src=\"https:\/\/www.yogh.com.br\/blog\/wp-content\/uploads\/2026\/08\/image-1024x577.png\" alt=\"O WordCamp Brasil 2026 nos dias 30 e 31 de outubro, Belo Horizonte receber\u00e1 o maior encontro da comunidade WordPress no Brasil.\" class=\"wp-image-39296\" srcset=\"https:\/\/www.yogh.com.br\/blog\/wp-content\/uploads\/2026\/08\/image-1024x577.png 1024w, https:\/\/www.yogh.com.br\/blog\/wp-content\/uploads\/2026\/08\/image-300x169.png 300w, https:\/\/www.yogh.com.br\/blog\/wp-content\/uploads\/2026\/08\/image-768x432.png 768w, https:\/\/www.yogh.com.br\/blog\/wp-content\/uploads\/2026\/08\/image-100x56.png 100w, https:\/\/www.yogh.com.br\/blog\/wp-content\/uploads\/2026\/08\/image-1536x865.png 1536w, https:\/\/www.yogh.com.br\/blog\/wp-content\/uploads\/2026\/08\/image-1320x743.png 1320w, https:\/\/www.yogh.com.br\/blog\/wp-content\/uploads\/2026\/08\/image.png 2048w\" sizes=\"(max-width: 1024px) 100vw, 1024px\" \/><\/figure>\n\n\n\n<p class=\"wp-block-paragraph\">\u00c9 a oportunidade perfeita para sair de tr\u00e1s do computador e fazer networking com outros desenvolvedores, designers, profissionais de marketing e empreendedores que movem a web no Brasil. E sabe o que \u00e9 mais legal? O evento \u00e9 feito por n\u00f3s, a pr\u00f3pria comunidade!<\/p>\n\n\n\n<p class=\"wp-block-paragraph\">A <strong>Chamada para Palestrantes<\/strong> est\u00e1 aberta at\u00e9 o dia 11 de setembro (com mentoria para quem nunca palestrou), al\u00e9m de oportunidades para ser volunt\u00e1rio ou patrocinador da edi\u00e7\u00e3o. \ud83d\udc49 <strong><a href=\"https:\/\/brasil.wordcamp.org\/2026\/\" target=\"_blank\" rel=\"noopener\">Acesse o site oficial do WordCamp Brasil 2026 para garantir seu ingresso ou enviar a sua proposta de participa\u00e7\u00e3o!<\/a><\/strong><\/p>\n\n\n\n<p class=\"wp-block-paragraph\"><strong>E a\u00ed, como foi o m\u00eas de voc\u00eas?<\/strong> Passaram ilesos, tiveram que lidar com algum Erro 500 ou j\u00e1 est\u00e3o arrumando as malas para BH? Deixe um coment\u00e1rio aqui embaixo e bora bater um papo! Tamb\u00e9m n\u00e3o se esque\u00e7a de assinar nossa <a href=\"https:\/\/www.yogh.com.br\/blog\/yogh-news\/\" target=\"_blank\" rel=\"noopener\">newsletter<\/a> e nos seguir em nossas redes sociais para sempre ficar informado e n\u00e3o perder nenhuma informa\u00e7\u00e3o da nossa comunidade.<\/p>\n<div id=\"ez-toc-container\" class=\"ez-toc-v2_0_87 counter-hierarchy ez-toc-counter ez-toc-grey ez-toc-container-direction\">\n<nav><ul class='ez-toc-list ez-toc-list-level-1 ' ><li class='ez-toc-page-1 ez-toc-heading-level-2'><a class=\"ez-toc-link ez-toc-heading-1\" href=\"https:\/\/www.yogh.com.br\/blog\/atualizacao-do-wordpress-agosto\/#%F0%9F%92%A5_A_ultima_atualizacao_do_WordPress_Incompatibilidades_e_os_Temidos_%E2%80%9CErros_Criticos%E2%80%9D\" >\ud83d\udca5 A \u00faltima atualiza\u00e7\u00e3o do WordPress, Incompatibilidades e os Temidos &#8220;Erros Cr\u00edticos&#8221;<\/a><\/li><li class='ez-toc-page-1 ez-toc-heading-level-2'><a class=\"ez-toc-link ez-toc-heading-2\" href=\"https:\/\/www.yogh.com.br\/blog\/atualizacao-do-wordpress-agosto\/#%F0%9F%9B%92_E-commerce_e_Estrategias_de_Venda_Muito_alem_do_codigo\" >\ud83d\uded2 E-commerce e Estrat\u00e9gias de Venda (Muito al\u00e9m do c\u00f3digo)<\/a><\/li><li class='ez-toc-page-1 ez-toc-heading-level-2'><a class=\"ez-toc-link ez-toc-heading-3\" href=\"https:\/\/www.yogh.com.br\/blog\/atualizacao-do-wordpress-agosto\/#%F0%9F%A4%96_Ferramentas_Inteligencia_Artificial_e_Nossas_Escolhas\" >\ud83e\udd16 Ferramentas, Intelig\u00eancia Artificial e Nossas Escolhas<\/a><\/li><li class='ez-toc-page-1 ez-toc-heading-level-2'><a class=\"ez-toc-link ez-toc-heading-4\" href=\"https:\/\/www.yogh.com.br\/blog\/atualizacao-do-wordpress-agosto\/#%F0%9F%8E%A8_Vem_AI_MCP_no_Elementor_mais_praticidade_e_tecnologia_nas_suas_criacoes\" >\ud83c\udfa8 Vem A\u00cd! MCP no Elementor: mais praticidade e tecnologia nas suas cria\u00e7\u00f5es<\/a><\/li><li class='ez-toc-page-1 ez-toc-heading-level-2'><a class=\"ez-toc-link ez-toc-heading-5\" href=\"https:\/\/www.yogh.com.br\/blog\/atualizacao-do-wordpress-agosto\/#%F0%9F%94%8E_Mais_um_update_Google_deixa_as_AI_Overviews_mais_interativas\" >\ud83d\udd0e Mais um update: Google deixa as AI Overviews mais interativas<\/a><\/li><li class='ez-toc-page-1 ez-toc-heading-level-2'><a class=\"ez-toc-link ez-toc-heading-6\" href=\"https:\/\/www.yogh.com.br\/blog\/atualizacao-do-wordpress-agosto\/#%F0%9F%8F%95%EF%B8%8F_Saindo_das_telas_WordCamp_Brasil_2026_vem_ai\" >\ud83c\udfd5\ufe0f Saindo das telas: WordCamp Brasil 2026 vem a\u00ed!<\/a><\/li><\/ul><\/nav><\/div>\n","protected":false},"excerpt":{"rendered":"<p>Fique por dentro de tudo que rolou no universo WordPress em agosto! Saiba como resolver o Erro Cr\u00edtico da vers\u00e3o 7.1, tend\u00eancias de e-commerce e as novidades do WordCamp Brasil 2026.<\/p>\n","protected":false},"author":21,"featured_media":39326,"comment_status":"open","ping_status":"closed","sticky":false,"template":"","format":"standard","meta":{"_acf_changed":false,"kk_blocks_editor_width":"","_kiokenblocks_attr":"","_kiokenblocks_dimensions":"","footnotes":""},"categories":[19,47],"tags":[],"class_list":["post-39294","post","type-post","status-publish","format-standard","has-post-thumbnail","hentry","category-dicas-wordpress","category-atualizacao-wordpress"],"acf":[],"amp_enabled":true,"_links":{"self":[{"href":"https:\/\/www.yogh.com.br\/blog\/wp-json\/wp\/v2\/posts\/39294","targetHints":{"allow":["GET"]}}],"collection":[{"href":"https:\/\/www.yogh.com.br\/blog\/wp-json\/wp\/v2\/posts"}],"about":[{"href":"https:\/\/www.yogh.com.br\/blog\/wp-json\/wp\/v2\/types\/post"}],"author":[{"embeddable":true,"href":"https:\/\/www.yogh.com.br\/blog\/wp-json\/wp\/v2\/users\/21"}],"replies":[{"embeddable":true,"href":"https:\/\/www.yogh.com.br\/blog\/wp-json\/wp\/v2\/comments?post=39294"}],"version-history":[{"count":26,"href":"https:\/\/www.yogh.com.br\/blog\/wp-json\/wp\/v2\/posts\/39294\/revisions"}],"predecessor-version":[{"id":39344,"href":"https:\/\/www.yogh.com.br\/blog\/wp-json\/wp\/v2\/posts\/39294\/revisions\/39344"}],"wp:featuredmedia":[{"embeddable":true,"href":"https:\/\/www.yogh.com.br\/blog\/wp-json\/wp\/v2\/media\/39326"}],"wp:attachment":[{"href":"https:\/\/www.yogh.com.br\/blog\/wp-json\/wp\/v2\/media?parent=39294"}],"wp:term":[{"taxonomy":"category","embeddable":true,"href":"https:\/\/www.yogh.com.br\/blog\/wp-json\/wp\/v2\/categories?post=39294"},{"taxonomy":"post_tag","embeddable":true,"href":"https:\/\/www.yogh.com.br\/blog\/wp-json\/wp\/v2\/tags?post=39294"}],"curies":[{"name":"wp","href":"https:\/\/api.w.org\/{rel}","templated":true}]}}